{"id":3471,"date":"2025-10-09T11:40:35","date_gmt":"2025-10-09T09:40:35","guid":{"rendered":"https:\/\/lacovadesantquirze.com\/?p=3471"},"modified":"2025-10-29T13:22:20","modified_gmt":"2025-10-29T12:22:20","slug":"que-es-el-tardeo-y-por-que-se-ha-vuelto-tan-popular","status":"publish","type":"post","link":"https:\/\/lacovadesantquirze.com\/ca\/que-es-el-tardeo-y-por-que-se-ha-vuelto-tan-popular\/","title":{"rendered":"Qu\u00e8 \u00e9s el vespre i per qu\u00e8 s&#039;ha tornat tan popular"},"content":{"rendered":"<h3 class=\"wp-block-heading\"><strong>La tend\u00e8ncia que combina gastronomia, lleure i socialitzaci\u00f3<\/strong><\/h3>\n\n\n\n<p>El <strong><a href=\"https:\/\/lacovadesantquirze.com\/ca\/tardeo-en-sabadell\/\">tarda a Sabadell<\/a><\/strong><a href=\"https:\/\/lacovadesantquirze.com\/ca\/tardeo-en-sabadell-2\/\"> <\/a>s&#039;ha convertit en una de les maneres m\u00e9s atractives de gaudir del temps lliure durant les hores de la tarda i l&#039;entrada a la nit. Aquesta pr\u00e0ctica no es limita \u00fanicament a sortir a menjar oa beure, sin\u00f3 que combina diversos elements que fan de cada pla una experi\u00e8ncia completa. Les persones busquen cada cop m\u00e9s formes de socialitzar, relaxar-se i gaudir de la gastronomia sense la pressi\u00f3 dels horaris tradicionals de sopar o de la vida nocturna intensa. Per aix\u00f2, el vespre s&#039;ha consolidat com un fenomen cultural que transcendeix la simple sortida a bars o restaurants.<\/p>\n\n\n\n<p>L&#039;auge del <strong>tarda a Sabadell<\/strong> reflecteix un canvi en la manera com les persones perceben el lleure. S&#039;ha convertit en un moment per desconnectar, gaudir de bon \u00e0pat, tastar begudes variades i compartir amb amics o familiars. La versatilitat \u00e9s un dels aspectes m\u00e9s atractius: es pot planejar una tarda tranquil\u00b7la per assaborir tapes i c\u00f2ctels, o una tarda m\u00e9s animada que combini m\u00fasica i socialitzaci\u00f3. Aquesta flexibilitat fa que la tarda sigui apte per a diferents tipus de p\u00fablic i estils de vida, des de joves que busquen diversi\u00f3 fins a adults que desitgen un pla m\u00e9s relaxat i dist\u00e8s.<\/p>\n\n\n\n<figure class=\"wp-block-gallery has-nested-images columns-default is-cropped wp-block-gallery-1 is-layout-flex wp-block-gallery-is-layout-flex\">\n<figure class=\"wp-block-image size-large\"><img fetchpriority=\"high\" decoding=\"async\" width=\"1200\" height=\"848\" data-id=\"3473\" src=\"https:\/\/lacovadesantquirze.com\/wp-content\/uploads\/2025\/10\/Tardeo-en-Sabadell-3-1200x848.png\" alt=\"\" class=\"wp-image-3473\" srcset=\"https:\/\/lacovadesantquirze.com\/wp-content\/uploads\/2025\/10\/Tardeo-en-Sabadell-3-1200x848.png 1200w, https:\/\/lacovadesantquirze.com\/wp-content\/uploads\/2025\/10\/Tardeo-en-Sabadell-3-500x354.png 500w, https:\/\/lacovadesantquirze.com\/wp-content\/uploads\/2025\/10\/Tardeo-en-Sabadell-3-300x212.png 300w, https:\/\/lacovadesantquirze.com\/wp-content\/uploads\/2025\/10\/Tardeo-en-Sabadell-3-768x543.png 768w, https:\/\/lacovadesantquirze.com\/wp-content\/uploads\/2025\/10\/Tardeo-en-Sabadell-3-18x12.png 18w, https:\/\/lacovadesantquirze.com\/wp-content\/uploads\/2025\/10\/Tardeo-en-Sabadell-3-106x75.png 106w, https:\/\/lacovadesantquirze.com\/wp-content\/uploads\/2025\/10\/Tardeo-en-Sabadell-3-700x495.png 700w\" sizes=\"(max-width:767px) 700px, (max-width:1200px) 100vw, 1200px\" \/><\/figure>\n<\/figure>\n\n\n\n<h2 class=\"wp-block-heading\">L&#039;ess\u00e8ncia del vespre: gastronomia i begudes<\/h2>\n\n\n\n<p>Un dels pilars del <strong>tarda <\/strong> \u00e9s la gastronomia. No es tracta simplement de menjar o beure, sin\u00f3 de gaudir de petits mossegades, tapes i aperitius mentre se socialitza. El menjar es converteix en un element central de lexperi\u00e8ncia, permetent provar diferents sabors i combinacions que complementen la tarda. D&#039;altra banda, les begudes tamb\u00e9 tenen un paper important: c\u00f2ctels, refrescos i begudes tradicionals acompanyen l&#039;experi\u00e8ncia, adaptant-se als gustos de cada persona.<\/p>\n\n\n\n<p>A m\u00e9s, el <strong>tarda <\/strong>es caracteritza per la possibilitat de gaudir del menjar i la beguda en un ambient relaxat i din\u00e0mic. L&#039;atenci\u00f3 al detall a la presentaci\u00f3, la qualitat dels ingredients i la varietat a l&#039;oferta gastron\u00f2mica fan que l&#039;experi\u00e8ncia sigui agradable i memorable. Aquest equilibri entre menjar, beguda i ambient \u00e9s el que diferencia a la tarda un simple pla de tapes o una sortida nocturna convencional.<\/p>\n\n\n\n<h3 class=\"wp-block-heading\">M\u00fasica i entreteniment: el complement perfecte<\/h3>\n\n\n\n<p>Un altre element clau del <strong>tarda a Sabadell<\/strong> \u00e9s la m\u00fasica i lentreteniment. La combinaci\u00f3 de gastronomia i lleure es complementa amb m\u00fasica en viu, DJ&#039;s o playlists seleccionades que creen un ambient animat i acollidor. La m\u00fasica no nom\u00e9s acompanya el menjar i la beguda, sin\u00f3 que tamb\u00e9 genera un entorn propici per socialitzar, ballar o simplement relaxar-se mentre es gaudeix de la tarda.<\/p>\n\n\n\n<p>L&#039;entreteniment a la tarda no es limita a la m\u00fasica. Algunes persones combinen experi\u00e8ncia amb activitats culturals, jocs o esdeveniments especials que afegeixen valor a la tarda. Aquesta barreja converteix la tarda en una forma d&#039;oci multifac\u00e8tica que combina diversi\u00f3, cultura i gastronomia en un mateix pla, fent que cada tarda sigui diferent i \u00fanica.<\/p>\n\n\n\n<figure class=\"wp-block-gallery has-nested-images columns-default is-cropped wp-block-gallery-2 is-layout-flex wp-block-gallery-is-layout-flex\">\n<figure class=\"wp-block-image size-large\"><img decoding=\"async\" width=\"1200\" height=\"848\" data-id=\"3474\" src=\"https:\/\/lacovadesantquirze.com\/wp-content\/uploads\/2025\/10\/Tardeo-en-Sabadell-4-1200x848.png\" alt=\"\" class=\"wp-image-3474\" srcset=\"https:\/\/lacovadesantquirze.com\/wp-content\/uploads\/2025\/10\/Tardeo-en-Sabadell-4-1200x848.png 1200w, https:\/\/lacovadesantquirze.com\/wp-content\/uploads\/2025\/10\/Tardeo-en-Sabadell-4-500x354.png 500w, https:\/\/lacovadesantquirze.com\/wp-content\/uploads\/2025\/10\/Tardeo-en-Sabadell-4-300x212.png 300w, https:\/\/lacovadesantquirze.com\/wp-content\/uploads\/2025\/10\/Tardeo-en-Sabadell-4-768x543.png 768w, https:\/\/lacovadesantquirze.com\/wp-content\/uploads\/2025\/10\/Tardeo-en-Sabadell-4-18x12.png 18w, https:\/\/lacovadesantquirze.com\/wp-content\/uploads\/2025\/10\/Tardeo-en-Sabadell-4-106x75.png 106w, https:\/\/lacovadesantquirze.com\/wp-content\/uploads\/2025\/10\/Tardeo-en-Sabadell-4-700x495.png 700w\" sizes=\"(max-width:767px) 700px, (max-width:1200px) 100vw, 1200px\" \/><\/figure>\n<\/figure>\n\n\n\n<h3 class=\"wp-block-heading\">La versatilitat del vespre<\/h3>\n\n\n\n<p>Una de les raons per les quals el <strong>tarda a Sabadell<\/strong> ha guanyat tanta popularitat \u00e9s la seva versatilitat. Se&#039;n pot gaudir sol, en parella, amb amics o en fam\u00edlia. A m\u00e9s, permet ajustar el ritme del pla segons els gustos dels participants: des d&#039;una tarda relaxada degustant tapes i begudes fins a una tarda m\u00e9s activa amb m\u00fasica, ball i socialitzaci\u00f3. Aquesta flexibilitat fa que la tarda sigui un pla accessible i atractiu per a diferents tipus de persones, independentment de la seva edat o estil de vida.<\/p>\n\n\n\n<p>El vespre tamb\u00e9 s&#039;adapta a diferents \u00e8poques de l&#039;any. A l&#039;estiu, moltes persones aprofiten per gaudir a l&#039;aire lliure, combinant menjar, beguda i passejades. A l\u00b4hivern, l\u00b4experi\u00e8ncia es trasllada a espais interiors amb ambients c\u00e0lids i acollidors. Aquesta capacitat d&#039;adaptaci\u00f3 en refor\u00e7a la popularitat, permetent que la tarda sigui un pla viable i atractiu durant tot l&#039;any.<\/p>\n\n\n\n<h2 class=\"wp-block-heading\">Consells per gaudir de la tarda<\/h2>\n\n\n\n<p>Per treure el m\u00e0xim profit del <strong>tarda a Sabadell<\/strong>, hi ha alguns consells que poden millorar l&#039;experi\u00e8ncia:<\/p>\n\n\n\n<ol class=\"wp-block-list\">\n<li><strong>Planifica horaris:<\/strong> comen\u00e7ar la tarda pels volts de les 18:00-19:00 permet gaudir de menjar, beguda i ambient abans que arribi la nit.<\/li>\n\n\n\n<li><strong>Varietat de plans:<\/strong> combinar gastronomia amb m\u00fasica o petites activitats culturals fa que lexperi\u00e8ncia sigui m\u00e9s completa.<\/li>\n\n\n\n<li><strong>Grup i companyia:<\/strong> compartir la tarda amb amics o familiars augmenta la diversi\u00f3 i la socialitzaci\u00f3.<\/li>\n\n\n\n<li><strong>Flexibilitat:<\/strong> deixar espai per improvisar i gaudir de noves opcions que sorgeixin durant la tarda.<\/li>\n<\/ol>\n\n\n\n<p>Aquests simples consells ajuden a fer que la tarda no sigui nom\u00e9s un pla d&#039;oci, sin\u00f3 una experi\u00e8ncia completa que combina relaxaci\u00f3, socialitzaci\u00f3 i gaudi gastron\u00f2mic.<\/p>\n\n\n\n<figure class=\"wp-block-gallery has-nested-images columns-default is-cropped wp-block-gallery-3 is-layout-flex wp-block-gallery-is-layout-flex\">\n<figure class=\"wp-block-image size-large\"><img decoding=\"async\" width=\"1200\" height=\"848\" data-id=\"3475\" src=\"https:\/\/lacovadesantquirze.com\/wp-content\/uploads\/2025\/10\/Tardeo-en-Sabadell-1200x848.png\" alt=\"\" class=\"wp-image-3475\" srcset=\"https:\/\/lacovadesantquirze.com\/wp-content\/uploads\/2025\/10\/Tardeo-en-Sabadell-1200x848.png 1200w, https:\/\/lacovadesantquirze.com\/wp-content\/uploads\/2025\/10\/Tardeo-en-Sabadell-500x354.png 500w, https:\/\/lacovadesantquirze.com\/wp-content\/uploads\/2025\/10\/Tardeo-en-Sabadell-300x212.png 300w, https:\/\/lacovadesantquirze.com\/wp-content\/uploads\/2025\/10\/Tardeo-en-Sabadell-768x543.png 768w, https:\/\/lacovadesantquirze.com\/wp-content\/uploads\/2025\/10\/Tardeo-en-Sabadell-18x12.png 18w, https:\/\/lacovadesantquirze.com\/wp-content\/uploads\/2025\/10\/Tardeo-en-Sabadell-106x75.png 106w, https:\/\/lacovadesantquirze.com\/wp-content\/uploads\/2025\/10\/Tardeo-en-Sabadell-700x495.png 700w\" sizes=\"(max-width:767px) 700px, (max-width:1200px) 100vw, 1200px\" \/><\/figure>\n<\/figure>\n\n\n\n<h2 class=\"wp-block-heading\">El futur de la tarda<\/h2>\n\n\n\n<p>El <strong>tarda a Sabadell<\/strong> ha arribat per quedar-s&#039;hi. La seva popularitat continua creixent perqu\u00e8 satisf\u00e0 la necessitat de lleure flexible, combinant gastronomia, entreteniment i socialitzaci\u00f3. Cada cop m\u00e9s persones busquen plans que els permetin gaudir del seu temps lliure sense la pressi\u00f3 d&#039;horaris estrictes, fent de la tarda una opci\u00f3 cada cop m\u00e9s atractiva i consolidada.<\/p>\n\n\n\n<p>En resum, el <strong>tarda a Sabadell<\/strong> no \u00e9s nom\u00e9s una moda, sin\u00f3 una manera de viure la tarda amb diversi\u00f3, gastronomia i experi\u00e8ncies compartides. La seva versatilitat, l&#039;equilibri entre menjar, beguda i entreteniment i la possibilitat d&#039;adaptar-lo a qualsevol estil de vida asseguren que continuar\u00e0 sent una tend\u00e8ncia en creixement constant.<strong><br><\/strong><\/p>","protected":false},"excerpt":{"rendered":"<p>La tendencia que combina gastronom\u00eda, ocio y socializaci\u00f3n El tardeo en Sabadell se ha convertido en una de las formas m\u00e1s atractivas de disfrutar del tiempo<span class=\"excerpt-hellip\"> [\u2026]<\/span><\/p>\n","protected":false},"author":3,"featured_media":3472,"comment_status":"closed","ping_status":"closed","sticky":false,"template":"","format":"standard","meta":{"footnotes":""},"categories":[1],"tags":[54],"class_list":["post-3471","post","type-post","status-publish","format-standard","has-post-thumbnail","hentry","category-uncategorized","tag-tardeo-en-sabadell"],"yoast_head":"<!-- This site is optimized with the Yoast SEO plugin v27.4 - https:\/\/yoast.com\/product\/yoast-seo-wordpress\/ -->\n<title>Qu\u00e9 es el tardeo y por qu\u00e9 se ha vuelto tan popular - Restaurante La Cova<\/title>\n<meta name=\"robots\" content=\"noindex, follow\" \/>\n<meta property=\"og:locale\" content=\"ca_ES\" \/>\n<meta property=\"og:type\" content=\"article\" \/>\n<meta property=\"og:title\" content=\"Qu\u00e9 es el tardeo y por qu\u00e9 se ha vuelto tan popular - Restaurante La Cova\" \/>\n<meta property=\"og:description\" content=\"La tendencia que combina gastronom\u00eda, ocio y socializaci\u00f3n El tardeo en Sabadell se ha convertido en una de las formas m\u00e1s atractivas de disfrutar del tiempo [\u2026]\" \/>\n<meta property=\"og:url\" content=\"https:\/\/lacovadesantquirze.com\/ca\/que-es-el-tardeo-y-por-que-se-ha-vuelto-tan-popular\/\" \/>\n<meta property=\"og:site_name\" content=\"Restaurante La Cova\" \/>\n<meta property=\"article:publisher\" content=\"https:\/\/www.facebook.com\/lacovadesantquirze\/?locale=es_LA\" \/>\n<meta property=\"article:published_time\" content=\"2025-10-09T09:40:35+00:00\" \/>\n<meta property=\"article:modified_time\" content=\"2025-10-29T12:22:20+00:00\" \/>\n<meta property=\"og:image\" content=\"https:\/\/lacovadesantquirze.com\/wp-content\/uploads\/2025\/10\/Tardeo-en-Sabadell-2-1200x848.png\" \/>\n\t<meta property=\"og:image:width\" content=\"1200\" \/>\n\t<meta property=\"og:image:height\" content=\"848\" \/>\n\t<meta property=\"og:image:type\" content=\"image\/png\" \/>\n<meta name=\"author\" content=\"Soporte\" \/>\n<meta name=\"twitter:card\" content=\"summary_large_image\" \/>\n<meta name=\"twitter:label1\" content=\"Escrit per\" \/>\n\t<meta name=\"twitter:data1\" content=\"Soporte\" \/>\n\t<meta name=\"twitter:label2\" content=\"Temps estimat de lectura\" \/>\n\t<meta name=\"twitter:data2\" content=\"5 minuts\" \/>\n<script type=\"application\/ld+json\" class=\"yoast-schema-graph\">{\"@context\":\"https:\\\/\\\/schema.org\",\"@graph\":[{\"@type\":\"Article\",\"@id\":\"https:\\\/\\\/lacovadesantquirze.com\\\/que-es-el-tardeo-y-por-que-se-ha-vuelto-tan-popular\\\/#article\",\"isPartOf\":{\"@id\":\"https:\\\/\\\/lacovadesantquirze.com\\\/que-es-el-tardeo-y-por-que-se-ha-vuelto-tan-popular\\\/\"},\"author\":{\"name\":\"Soporte\",\"@id\":\"https:\\\/\\\/lacovadesantquirze.com\\\/#\\\/schema\\\/person\\\/6a3287b00eba7dd1b55ee36cef1b3bd7\"},\"headline\":\"Qu\u00e9 es el tardeo y por qu\u00e9 se ha vuelto tan popular\",\"datePublished\":\"2025-10-09T09:40:35+00:00\",\"dateModified\":\"2025-10-29T12:22:20+00:00\",\"mainEntityOfPage\":{\"@id\":\"https:\\\/\\\/lacovadesantquirze.com\\\/que-es-el-tardeo-y-por-que-se-ha-vuelto-tan-popular\\\/\"},\"wordCount\":963,\"publisher\":{\"@id\":\"https:\\\/\\\/lacovadesantquirze.com\\\/#organization\"},\"image\":{\"@id\":\"https:\\\/\\\/lacovadesantquirze.com\\\/que-es-el-tardeo-y-por-que-se-ha-vuelto-tan-popular\\\/#primaryimage\"},\"thumbnailUrl\":\"https:\\\/\\\/lacovadesantquirze.com\\\/wp-content\\\/uploads\\\/2025\\\/10\\\/Tardeo-en-Sabadell-2.png\",\"keywords\":[\"Tardeo en Sabadell\"],\"articleSection\":[\"Uncategorized\"],\"inLanguage\":\"ca\"},{\"@type\":\"WebPage\",\"@id\":\"https:\\\/\\\/lacovadesantquirze.com\\\/que-es-el-tardeo-y-por-que-se-ha-vuelto-tan-popular\\\/\",\"url\":\"https:\\\/\\\/lacovadesantquirze.com\\\/que-es-el-tardeo-y-por-que-se-ha-vuelto-tan-popular\\\/\",\"name\":\"Qu\u00e9 es el tardeo y por qu\u00e9 se ha vuelto tan popular - Restaurante La Cova\",\"isPartOf\":{\"@id\":\"https:\\\/\\\/lacovadesantquirze.com\\\/#website\"},\"primaryImageOfPage\":{\"@id\":\"https:\\\/\\\/lacovadesantquirze.com\\\/que-es-el-tardeo-y-por-que-se-ha-vuelto-tan-popular\\\/#primaryimage\"},\"image\":{\"@id\":\"https:\\\/\\\/lacovadesantquirze.com\\\/que-es-el-tardeo-y-por-que-se-ha-vuelto-tan-popular\\\/#primaryimage\"},\"thumbnailUrl\":\"https:\\\/\\\/lacovadesantquirze.com\\\/wp-content\\\/uploads\\\/2025\\\/10\\\/Tardeo-en-Sabadell-2.png\",\"datePublished\":\"2025-10-09T09:40:35+00:00\",\"dateModified\":\"2025-10-29T12:22:20+00:00\",\"breadcrumb\":{\"@id\":\"https:\\\/\\\/lacovadesantquirze.com\\\/que-es-el-tardeo-y-por-que-se-ha-vuelto-tan-popular\\\/#breadcrumb\"},\"inLanguage\":\"ca\",\"potentialAction\":[{\"@type\":\"ReadAction\",\"target\":[\"https:\\\/\\\/lacovadesantquirze.com\\\/que-es-el-tardeo-y-por-que-se-ha-vuelto-tan-popular\\\/\"]}]},{\"@type\":\"ImageObject\",\"inLanguage\":\"ca\",\"@id\":\"https:\\\/\\\/lacovadesantquirze.com\\\/que-es-el-tardeo-y-por-que-se-ha-vuelto-tan-popular\\\/#primaryimage\",\"url\":\"https:\\\/\\\/lacovadesantquirze.com\\\/wp-content\\\/uploads\\\/2025\\\/10\\\/Tardeo-en-Sabadell-2.png\",\"contentUrl\":\"https:\\\/\\\/lacovadesantquirze.com\\\/wp-content\\\/uploads\\\/2025\\\/10\\\/Tardeo-en-Sabadell-2.png\",\"width\":2000,\"height\":1414},{\"@type\":\"BreadcrumbList\",\"@id\":\"https:\\\/\\\/lacovadesantquirze.com\\\/que-es-el-tardeo-y-por-que-se-ha-vuelto-tan-popular\\\/#breadcrumb\",\"itemListElement\":[{\"@type\":\"ListItem\",\"position\":1,\"name\":\"Portada\",\"item\":\"https:\\\/\\\/lacovadesantquirze.com\\\/\"},{\"@type\":\"ListItem\",\"position\":2,\"name\":\"Qu\u00e9 es el tardeo y por qu\u00e9 se ha vuelto tan popular\"}]},{\"@type\":\"WebSite\",\"@id\":\"https:\\\/\\\/lacovadesantquirze.com\\\/#website\",\"url\":\"https:\\\/\\\/lacovadesantquirze.com\\\/\",\"name\":\"Restaurante La Cova\",\"description\":\"Restaurante La Cova\",\"publisher\":{\"@id\":\"https:\\\/\\\/lacovadesantquirze.com\\\/#organization\"},\"potentialAction\":[{\"@type\":\"SearchAction\",\"target\":{\"@type\":\"EntryPoint\",\"urlTemplate\":\"https:\\\/\\\/lacovadesantquirze.com\\\/?s={search_term_string}\"},\"query-input\":{\"@type\":\"PropertyValueSpecification\",\"valueRequired\":true,\"valueName\":\"search_term_string\"}}],\"inLanguage\":\"ca\"},{\"@type\":\"Organization\",\"@id\":\"https:\\\/\\\/lacovadesantquirze.com\\\/#organization\",\"name\":\"Restaurante La Cova Copes\",\"url\":\"https:\\\/\\\/lacovadesantquirze.com\\\/\",\"logo\":{\"@type\":\"ImageObject\",\"inLanguage\":\"ca\",\"@id\":\"https:\\\/\\\/lacovadesantquirze.com\\\/#\\\/schema\\\/logo\\\/image\\\/\",\"url\":\"https:\\\/\\\/lacovadesantquirze.com\\\/wp-content\\\/uploads\\\/2024\\\/04\\\/La-Cova500x500.webp\",\"contentUrl\":\"https:\\\/\\\/lacovadesantquirze.com\\\/wp-content\\\/uploads\\\/2024\\\/04\\\/La-Cova500x500.webp\",\"width\":500,\"height\":500,\"caption\":\"Restaurante La Cova Copes\"},\"image\":{\"@id\":\"https:\\\/\\\/lacovadesantquirze.com\\\/#\\\/schema\\\/logo\\\/image\\\/\"},\"sameAs\":[\"https:\\\/\\\/www.facebook.com\\\/lacovadesantquirze\\\/?locale=es_LA\",\"https:\\\/\\\/www.instagram.com\\\/lacovacopes\\\/\"]},{\"@type\":\"Person\",\"@id\":\"https:\\\/\\\/lacovadesantquirze.com\\\/#\\\/schema\\\/person\\\/6a3287b00eba7dd1b55ee36cef1b3bd7\",\"name\":\"Soporte\",\"image\":{\"@type\":\"ImageObject\",\"inLanguage\":\"ca\",\"@id\":\"https:\\\/\\\/secure.gravatar.com\\\/avatar\\\/8c8f7711e61779e49c9d60e99570c7ca4301449f74d4843d4d922cd3eb316e24?s=96&d=mm&r=g\",\"url\":\"https:\\\/\\\/secure.gravatar.com\\\/avatar\\\/8c8f7711e61779e49c9d60e99570c7ca4301449f74d4843d4d922cd3eb316e24?s=96&d=mm&r=g\",\"contentUrl\":\"https:\\\/\\\/secure.gravatar.com\\\/avatar\\\/8c8f7711e61779e49c9d60e99570c7ca4301449f74d4843d4d922cd3eb316e24?s=96&d=mm&r=g\",\"caption\":\"Soporte\"},\"url\":\"https:\\\/\\\/lacovadesantquirze.com\\\/ca\\\/author\\\/soporte\\\/\"}]}<\/script>\n<!-- \/ Yoast SEO plugin. -->","yoast_head_json":{"title":"Qu\u00e9 es el tardeo y por qu\u00e9 se ha vuelto tan popular - Restaurante La Cova","robots":{"index":"noindex","follow":"follow"},"og_locale":"ca_ES","og_type":"article","og_title":"Qu\u00e9 es el tardeo y por qu\u00e9 se ha vuelto tan popular - Restaurante La Cova","og_description":"La tendencia que combina gastronom\u00eda, ocio y socializaci\u00f3n El tardeo en Sabadell se ha convertido en una de las formas m\u00e1s atractivas de disfrutar del tiempo [\u2026]","og_url":"https:\/\/lacovadesantquirze.com\/ca\/que-es-el-tardeo-y-por-que-se-ha-vuelto-tan-popular\/","og_site_name":"Restaurante La Cova","article_publisher":"https:\/\/www.facebook.com\/lacovadesantquirze\/?locale=es_LA","article_published_time":"2025-10-09T09:40:35+00:00","article_modified_time":"2025-10-29T12:22:20+00:00","og_image":[{"width":1200,"height":848,"url":"https:\/\/lacovadesantquirze.com\/wp-content\/uploads\/2025\/10\/Tardeo-en-Sabadell-2-1200x848.png","type":"image\/png"}],"author":"Soporte","twitter_card":"summary_large_image","twitter_misc":{"Escrit per":"Soporte","Temps estimat de lectura":"5 minuts"},"schema":{"@context":"https:\/\/schema.org","@graph":[{"@type":"Article","@id":"https:\/\/lacovadesantquirze.com\/que-es-el-tardeo-y-por-que-se-ha-vuelto-tan-popular\/#article","isPartOf":{"@id":"https:\/\/lacovadesantquirze.com\/que-es-el-tardeo-y-por-que-se-ha-vuelto-tan-popular\/"},"author":{"name":"Soporte","@id":"https:\/\/lacovadesantquirze.com\/#\/schema\/person\/6a3287b00eba7dd1b55ee36cef1b3bd7"},"headline":"Qu\u00e9 es el tardeo y por qu\u00e9 se ha vuelto tan popular","datePublished":"2025-10-09T09:40:35+00:00","dateModified":"2025-10-29T12:22:20+00:00","mainEntityOfPage":{"@id":"https:\/\/lacovadesantquirze.com\/que-es-el-tardeo-y-por-que-se-ha-vuelto-tan-popular\/"},"wordCount":963,"publisher":{"@id":"https:\/\/lacovadesantquirze.com\/#organization"},"image":{"@id":"https:\/\/lacovadesantquirze.com\/que-es-el-tardeo-y-por-que-se-ha-vuelto-tan-popular\/#primaryimage"},"thumbnailUrl":"https:\/\/lacovadesantquirze.com\/wp-content\/uploads\/2025\/10\/Tardeo-en-Sabadell-2.png","keywords":["Tardeo en Sabadell"],"articleSection":["Uncategorized"],"inLanguage":"ca"},{"@type":"WebPage","@id":"https:\/\/lacovadesantquirze.com\/que-es-el-tardeo-y-por-que-se-ha-vuelto-tan-popular\/","url":"https:\/\/lacovadesantquirze.com\/que-es-el-tardeo-y-por-que-se-ha-vuelto-tan-popular\/","name":"Qu\u00e9 es el tardeo y por qu\u00e9 se ha vuelto tan popular - Restaurante La Cova","isPartOf":{"@id":"https:\/\/lacovadesantquirze.com\/#website"},"primaryImageOfPage":{"@id":"https:\/\/lacovadesantquirze.com\/que-es-el-tardeo-y-por-que-se-ha-vuelto-tan-popular\/#primaryimage"},"image":{"@id":"https:\/\/lacovadesantquirze.com\/que-es-el-tardeo-y-por-que-se-ha-vuelto-tan-popular\/#primaryimage"},"thumbnailUrl":"https:\/\/lacovadesantquirze.com\/wp-content\/uploads\/2025\/10\/Tardeo-en-Sabadell-2.png","datePublished":"2025-10-09T09:40:35+00:00","dateModified":"2025-10-29T12:22:20+00:00","breadcrumb":{"@id":"https:\/\/lacovadesantquirze.com\/que-es-el-tardeo-y-por-que-se-ha-vuelto-tan-popular\/#breadcrumb"},"inLanguage":"ca","potentialAction":[{"@type":"ReadAction","target":["https:\/\/lacovadesantquirze.com\/que-es-el-tardeo-y-por-que-se-ha-vuelto-tan-popular\/"]}]},{"@type":"ImageObject","inLanguage":"ca","@id":"https:\/\/lacovadesantquirze.com\/que-es-el-tardeo-y-por-que-se-ha-vuelto-tan-popular\/#primaryimage","url":"https:\/\/lacovadesantquirze.com\/wp-content\/uploads\/2025\/10\/Tardeo-en-Sabadell-2.png","contentUrl":"https:\/\/lacovadesantquirze.com\/wp-content\/uploads\/2025\/10\/Tardeo-en-Sabadell-2.png","width":2000,"height":1414},{"@type":"BreadcrumbList","@id":"https:\/\/lacovadesantquirze.com\/que-es-el-tardeo-y-por-que-se-ha-vuelto-tan-popular\/#breadcrumb","itemListElement":[{"@type":"ListItem","position":1,"name":"Portada","item":"https:\/\/lacovadesantquirze.com\/"},{"@type":"ListItem","position":2,"name":"Qu\u00e9 es el tardeo y por qu\u00e9 se ha vuelto tan popular"}]},{"@type":"WebSite","@id":"https:\/\/lacovadesantquirze.com\/#website","url":"https:\/\/lacovadesantquirze.com\/","name":"Restaurant La Cova","description":"Restaurant La Cova","publisher":{"@id":"https:\/\/lacovadesantquirze.com\/#organization"},"potentialAction":[{"@type":"SearchAction","target":{"@type":"EntryPoint","urlTemplate":"https:\/\/lacovadesantquirze.com\/?s={search_term_string}"},"query-input":{"@type":"PropertyValueSpecification","valueRequired":true,"valueName":"search_term_string"}}],"inLanguage":"ca"},{"@type":"Organization","@id":"https:\/\/lacovadesantquirze.com\/#organization","name":"Restaurante La Cova Copes","url":"https:\/\/lacovadesantquirze.com\/","logo":{"@type":"ImageObject","inLanguage":"ca","@id":"https:\/\/lacovadesantquirze.com\/#\/schema\/logo\/image\/","url":"https:\/\/lacovadesantquirze.com\/wp-content\/uploads\/2024\/04\/La-Cova500x500.webp","contentUrl":"https:\/\/lacovadesantquirze.com\/wp-content\/uploads\/2024\/04\/La-Cova500x500.webp","width":500,"height":500,"caption":"Restaurante La Cova Copes"},"image":{"@id":"https:\/\/lacovadesantquirze.com\/#\/schema\/logo\/image\/"},"sameAs":["https:\/\/www.facebook.com\/lacovadesantquirze\/?locale=es_LA","https:\/\/www.instagram.com\/lacovacopes\/"]},{"@type":"Person","@id":"https:\/\/lacovadesantquirze.com\/#\/schema\/person\/6a3287b00eba7dd1b55ee36cef1b3bd7","name":"Suport","image":{"@type":"ImageObject","inLanguage":"ca","@id":"https:\/\/secure.gravatar.com\/avatar\/8c8f7711e61779e49c9d60e99570c7ca4301449f74d4843d4d922cd3eb316e24?s=96&d=mm&r=g","url":"https:\/\/secure.gravatar.com\/avatar\/8c8f7711e61779e49c9d60e99570c7ca4301449f74d4843d4d922cd3eb316e24?s=96&d=mm&r=g","contentUrl":"https:\/\/secure.gravatar.com\/avatar\/8c8f7711e61779e49c9d60e99570c7ca4301449f74d4843d4d922cd3eb316e24?s=96&d=mm&r=g","caption":"Soporte"},"url":"https:\/\/lacovadesantquirze.com\/ca\/author\/soporte\/"}]}},"_links":{"self":[{"href":"https:\/\/lacovadesantquirze.com\/ca\/wp-json\/wp\/v2\/posts\/3471","targetHints":{"allow":["GET"]}}],"collection":[{"href":"https:\/\/lacovadesantquirze.com\/ca\/wp-json\/wp\/v2\/posts"}],"about":[{"href":"https:\/\/lacovadesantquirze.com\/ca\/wp-json\/wp\/v2\/types\/post"}],"author":[{"embeddable":true,"href":"https:\/\/lacovadesantquirze.com\/ca\/wp-json\/wp\/v2\/users\/3"}],"replies":[{"embeddable":true,"href":"https:\/\/lacovadesantquirze.com\/ca\/wp-json\/wp\/v2\/comments?post=3471"}],"version-history":[{"count":3,"href":"https:\/\/lacovadesantquirze.com\/ca\/wp-json\/wp\/v2\/posts\/3471\/revisions"}],"predecessor-version":[{"id":3492,"href":"https:\/\/lacovadesantquirze.com\/ca\/wp-json\/wp\/v2\/posts\/3471\/revisions\/3492"}],"wp:featuredmedia":[{"embeddable":true,"href":"https:\/\/lacovadesantquirze.com\/ca\/wp-json\/wp\/v2\/media\/3472"}],"wp:attachment":[{"href":"https:\/\/lacovadesantquirze.com\/ca\/wp-json\/wp\/v2\/media?parent=3471"}],"wp:term":[{"taxonomy":"category","embeddable":true,"href":"https:\/\/lacovadesantquirze.com\/ca\/wp-json\/wp\/v2\/categories?post=3471"},{"taxonomy":"post_tag","embeddable":true,"href":"https:\/\/lacovadesantquirze.com\/ca\/wp-json\/wp\/v2\/tags?post=3471"}],"curies":[{"name":"wp","href":"https:\/\/api.w.org\/{rel}","templated":true}]}}